{"id":564,"date":"2023-04-05T09:39:28","date_gmt":"2023-04-05T09:39:28","guid":{"rendered":"https:\/\/medellin365.com\/?p=564"},"modified":"2023-04-05T10:00:03","modified_gmt":"2023-04-05T10:00:03","slug":"medellin-the-most-popular-day-trip-you-dont-want-to-miss","status":"publish","type":"post","link":"https:\/\/medellin365.com\/es\/medellin-the-most-popular-day-trip-you-dont-want-to-miss\/","title":{"rendered":"Medell\u00edn: The Most Popular Day Trip You Don&#8217;t Want to Miss"},"content":{"rendered":"<h1>Medell\u00edn: The Most Popular Day Trip You Don&#8217;t Want to Miss<\/h1>\n<p>Medell\u00edn, known as the &#8220;City of Eternal Spring,&#8221; is a vibrant city nestled in the lush green Aburr\u00e1 Valley in Colombia. Its year-round pleasant climate, friendly people, and fascinating history make it an attractive destination for travelers. But one of the most popular day trips in this city is the one that explores the life and times of the infamous drug lord, Pablo Escobar. So, buckle up and let&#8217;s take a thrilling journey through Medell\u00edn, discovering its dark past and the captivating story of the man who once ruled its criminal underworld.<\/p>\n<h2>Auge y ca\u00edda de Pablo Escobar<\/h2>\n<p>Pablo Emilio Escobar Gaviria, nacido el 1 de diciembre de 1949 en Rionegro (Colombia), se convirti\u00f3 en uno de los capos de la droga m\u00e1s poderosos y famosos de la historia. En el apogeo de su reinado, se le atribuyen hasta 80% del suministro mundial de coca\u00edna. Su imperio criminal, conocido como el Cartel de Medell\u00edn, no s\u00f3lo le amas\u00f3 una fortuna asombrosa, sino que tambi\u00e9n sumi\u00f3 a Colombia en un oscuro periodo de violencia y agitaci\u00f3n.<\/p>\n<p>Durante los a\u00f1os ochenta y principios de los noventa, Escobar y su c\u00e1rtel participaron en atentados, asesinatos y secuestros. Su incesante b\u00fasqueda de poder y riqueza le vali\u00f3 el t\u00edtulo de \"Rey de la Coca\u00edna\" y dio lugar a una persecuci\u00f3n por parte de las autoridades colombianas y estadounidenses que acab\u00f3 con su muerte el 2 de diciembre de 1993. Pero a pesar de su notoriedad, la vida y el legado de Escobar siguen intrigando a personas de todo el mundo.<\/p>\n<p>So, why is a day trip exploring the life of such a controversial figure so popular? Let&#8217;s dive into the captivating, immersive experience that awaits you in Medell\u00edn.<\/p>\n<figure id=\"attachment_287\" aria-describedby=\"caption-attachment-287\" style=\"width: 740px\" class=\"wp-caption aligncenter\"><img decoding=\"async\" class=\"wp-image-287 size-jnews-750x536\" src=\"http:\/\/medellin365.com\/wp-content\/uploads\/2023\/03\/8E6AA9D3-60B4-4A26-AB0C-A28E41163185-750x536.jpeg\" alt=\"Medellin Pablo Escobar Tour\" width=\"750\" height=\"536\" \/><figcaption id=\"caption-attachment-287\" class=\"wp-caption-text\">Medell\u00edn Pablo Escobar Tour<\/figcaption><\/figure>\n<h2>Comienza tu excursi\u00f3n de un d\u00eda: El tour de Pablo Escobar<\/h2>\n<p>Su viaje comienza reservando una visita guiada con una de las muchas empresas tur\u00edsticas de renombre de Medell\u00edn. Aseg\u00farese de elegir un gu\u00eda experto que pueda proporcionarle informaci\u00f3n precisa y relatos de primera mano sobre los acontecimientos que tuvieron lugar durante la \u00e9poca de Escobar. Esto te ayudar\u00e1 a comprender mejor la compleja historia y el panorama sociopol\u00edtico de Medell\u00edn y de Colombia en su conjunto.<\/p>\n<h3>El edificio M\u00f3naco: Un lujoso s\u00edmbolo de poder<\/h3>\n<p>La primera parada del tour Pablo Escobar es el Edificio M\u00f3naco, que fue la lujosa residencia del propio capo de la droga. Este edificio de ocho plantas, situado en el lujoso barrio del Poblado, no s\u00f3lo fue el hogar de Escobar, sino tambi\u00e9n el cuartel general de sus operaciones criminales. El edificio fue bombardeado por un c\u00e1rtel rival en 1988, dej\u00e1ndolo en ruinas. A pesar de su estado ruinoso, el Edificio M\u00f3naco sigue siendo un crudo recordatorio de los excesos y la violencia que marcaron el reinado de Escobar.<\/p>\n<h3>La Catedral: Escobar&#8217;s Self-Designed Prison<\/h3>\n<p>Next up is La Catedral, the infamous &#8220;prison&#8221; where Escobar was allowed to serve his sentence after turning himself in to authorities. Located on a hill overlooking Medell\u00edn, La Catedral was more of a lavish fortress than a prison, complete with a soccer field, a waterfall, and even a nightclub. It&#8217;s here that you&#8217;ll learn about the negotiations between Escobar and the Colombian government, as well as the eventual escape that led to his downfall.<\/p>\n<h3>Comuna 13: Un testamento para la transformaci\u00f3n<\/h3>\n<p>After delving into the darkest chapters of Medell\u00edn&#8217;s history, it&#8217;s time to experience the incredible transformation that has taken place in the city since Escobar&#8217;s demise. Comuna 13, once one of the most dangerous neighborhoods in the world, has undergone a remarkable metamorphosis. The area is now a vibrant, colorful community adorned with<\/p>\n<p>arte callejero impresionante, espacios p\u00fablicos innovadores y un esp\u00edritu de resiliencia. Mientras pasea por las calles de la Comuna 13, su gu\u00eda le contar\u00e1 las historias de las personas que han convertido esta zona, anta\u00f1o conflictiva, en un s\u00edmbolo de esperanza y regeneraci\u00f3n.<\/p>\n<h3>Escobar&#8217;s Final Resting Place: Cementerio Jardins Montesacro<\/h3>\n<p>The tour concludes with a visit to Cementerio Jardins Montesacro, the cemetery where Pablo Escobar is buried alongside his family members. Located in the town of Itag\u00fc\u00ed, just outside of Medell\u00edn, the modest gravesite is adorned with flowers and the occasional memento left by visitors. Standing before Escobar&#8217;s grave, you&#8217;ll have the opportunity to reflect on the complex and polarizing figure that he was, and the lasting impact he left on Medell\u00edn and Colombia.<\/p>\n<h2>Por qu\u00e9 esta excursi\u00f3n de un d\u00eda es inolvidable<\/h2>\n<p>A Pablo Escobar day trip is not just about visiting the physical locations associated with the drug lord&#8217;s life; it&#8217;s an immersive experience that transports you back in time to an era that changed the course of Colombian history. By visiting these sites and hearing firsthand accounts from locals who lived through these tumultuous times, you&#8217;ll gain a deeper appreciation for the resilience and transformation of Medell\u00edn and its people.<\/p>\n<p>M\u00e1s all\u00e1 del sensacionalismo y la intriga en torno a Escobar, esta excursi\u00f3n de un d\u00eda ofrece una visi\u00f3n \u00fanica de los factores sociales, pol\u00edticos y econ\u00f3micos que dieron origen al narcotr\u00e1fico en Colombia. Tambi\u00e9n sirve como conmovedor recordatorio de las devastadoras consecuencias de la violencia relacionada con las drogas y de la importancia de luchar por la paz y la justicia social.<\/p>\n<p>As you explore Medell\u00edn, you&#8217;ll be captivated by the city&#8217;s beauty, history, and culture. But it&#8217;s the stories of resilience and transformation that will leave a lasting impression on you. Whether you&#8217;re a history buff, an adventure seeker, or simply curious about the world, a Pablo Escobar day trip in Medell\u00edn is an experience you won&#8217;t want to miss.<\/p>\n<p>For more information on planning your visit to Medell\u00edn, check out the official city website at <a href=\"https:\/\/www.medellin.gov.co\/\" target=\"_new\" rel=\"noopener\">https:\/\/www.medellin.gov.co\/<\/a>, where you&#8217;ll find everything you need to make your trip truly unforgettable.<\/p>\n<p>En conclusi\u00f3n, la excursi\u00f3n de un d\u00eda m\u00e1s popular de Medell\u00edn te lleva en un cautivador viaje a trav\u00e9s de la vida y la \u00e9poca de Pablo Escobar, una de las figuras m\u00e1s notorias de la historia moderna. Esta experiencia no consiste s\u00f3lo en entender al hombre detr\u00e1s del mito, sino tambi\u00e9n en apreciar la incre\u00edble transformaci\u00f3n y resistencia de Medell\u00edn y su gente. As\u00ed que haz las maletas, reserva tus billetes y prep\u00e1rate para dejarte sorprender por la inolvidable aventura que te espera en la Ciudad de la Eterna Primavera.<\/p>","protected":false},"excerpt":{"rendered":"<p>Medell\u00edn: The Most Popular Day Trip You Don&#8217;t Want to Miss Medell\u00edn, known as the &#8220;City of Eternal Spring,&#8221; is a vibrant city nestled in &#8230; <a title=\"Medell\u00edn: La excursi\u00f3n m\u00e1s popular que no querr\u00e1 perderse\" class=\"read-more\" href=\"https:\/\/medellin365.com\/es\/medellin-the-most-popular-day-trip-you-dont-want-to-miss\/\" aria-label=\"Read more about Medell\u00edn: The Most Popular Day Trip You Don&#8217;t Want to Miss\">Seguir leyendo<\/a><\/p>","protected":false},"author":1,"featured_media":398,"comment_status":"open","ping_status":"open","sticky":false,"template":"","format":"standard","meta":{"footnotes":""},"categories":[10],"tags":[],"class_list":["post-564","post","type-post","status-publish","format-standard","has-post-thumbnail","hentry","category-travel","infinite-scroll-item","generate-columns","tablet-grid-50","mobile-grid-100","grid-parent","grid-33"],"_links":{"self":[{"href":"https:\/\/medellin365.com\/es\/wp-json\/wp\/v2\/posts\/564","targetHints":{"allow":["GET"]}}],"collection":[{"href":"https:\/\/medellin365.com\/es\/wp-json\/wp\/v2\/posts"}],"about":[{"href":"https:\/\/medellin365.com\/es\/wp-json\/wp\/v2\/types\/post"}],"author":[{"embeddable":true,"href":"https:\/\/medellin365.com\/es\/wp-json\/wp\/v2\/users\/1"}],"replies":[{"embeddable":true,"href":"https:\/\/medellin365.com\/es\/wp-json\/wp\/v2\/comments?post=564"}],"version-history":[{"count":0,"href":"https:\/\/medellin365.com\/es\/wp-json\/wp\/v2\/posts\/564\/revisions"}],"wp:featuredmedia":[{"embeddable":true,"href":"https:\/\/medellin365.com\/es\/wp-json\/wp\/v2\/media\/398"}],"wp:attachment":[{"href":"https:\/\/medellin365.com\/es\/wp-json\/wp\/v2\/media?parent=564"}],"wp:term":[{"taxonomy":"category","embeddable":true,"href":"https:\/\/medellin365.com\/es\/wp-json\/wp\/v2\/categories?post=564"},{"taxonomy":"post_tag","embeddable":true,"href":"https:\/\/medellin365.com\/es\/wp-json\/wp\/v2\/tags?post=564"}],"curies":[{"name":"wp","href":"https:\/\/api.w.org\/{rel}","templated":true}]}}